{"id":2385,"date":"2020-08-21T15:04:55","date_gmt":"2020-08-21T13:04:55","guid":{"rendered":"https:\/\/www.bzl-gmbh.de\/?p=2385"},"modified":"2020-09-30T18:29:04","modified_gmt":"2020-09-30T16:29:04","slug":"kuenstliche-trennung-der-gelbe-sack-erfasst-nicht-mal-die-haelfte-aller-kunststoffabfaelle-aus-haushalten-1998","status":"publish","type":"post","link":"https:\/\/www.bzl-gmbh.de\/en\/kuenstliche-trennung-der-gelbe-sack-erfasst-nicht-mal-die-haelfte-aller-kunststoffabfaelle-aus-haushalten-1998\/","title":{"rendered":"K\u00fcnstliche Trennung. Der Gelbe Sack erfasst nicht mal die H\u00e4lfte aller Kunststoffabf\u00e4lle aus Haushalten (1998)"},"content":{"rendered":"<p>Zeschmar-Lahl B.: K\u00fcnstliche Trennung. Der Gelbe Sack erfasst nicht mal die H\u00e4lfte aller Kunststoffabf\u00e4lle aus Haushalten. M\u00fcllmagazin 4, 56-60, 1998<\/p>","protected":false},"excerpt":{"rendered":"<p>Zeschmar-Lahl B.: K\u00fcnstliche Trennung. Der Gelbe Sack erfasst nicht mal die H\u00e4lfte aller Kunststoffabf\u00e4lle aus Haushalten. M\u00fcllmagazin 4, 56-60, 1998<\/p>\n","protected":false},"author":2,"featured_media":0,"comment_status":"open","ping_status":"open","sticky":false,"template":"","format":"standard","meta":{"_acf_changed":false,"footnotes":""},"categories":[33],"tags":[],"class_list":["post-2385","post","type-post","status-publish","format-standard","hentry","category-publications"],"acf":[],"_links":{"self":[{"href":"https:\/\/www.bzl-gmbh.de\/en\/wp-json\/wp\/v2\/posts\/2385","targetHints":{"allow":["GET"]}}],"collection":[{"href":"https:\/\/www.bzl-gmbh.de\/en\/wp-json\/wp\/v2\/posts"}],"about":[{"href":"https:\/\/www.bzl-gmbh.de\/en\/wp-json\/wp\/v2\/types\/post"}],"author":[{"embeddable":true,"href":"https:\/\/www.bzl-gmbh.de\/en\/wp-json\/wp\/v2\/users\/2"}],"replies":[{"embeddable":true,"href":"https:\/\/www.bzl-gmbh.de\/en\/wp-json\/wp\/v2\/comments?post=2385"}],"version-history":[{"count":3,"href":"https:\/\/www.bzl-gmbh.de\/en\/wp-json\/wp\/v2\/posts\/2385\/revisions"}],"predecessor-version":[{"id":4806,"href":"https:\/\/www.bzl-gmbh.de\/en\/wp-json\/wp\/v2\/posts\/2385\/revisions\/4806"}],"wp:attachment":[{"href":"https:\/\/www.bzl-gmbh.de\/en\/wp-json\/wp\/v2\/media?parent=2385"}],"wp:term":[{"taxonomy":"category","embeddable":true,"href":"https:\/\/www.bzl-gmbh.de\/en\/wp-json\/wp\/v2\/categories?post=2385"},{"taxonomy":"post_tag","embeddable":true,"href":"https:\/\/www.bzl-gmbh.de\/en\/wp-json\/wp\/v2\/tags?post=2385"}],"curies":[{"name":"wp","href":"https:\/\/api.w.org\/{rel}","templated":true}]}}